{"id":2463,"date":"2026-04-20T09:04:30","date_gmt":"2026-04-20T07:04:30","guid":{"rendered":"https:\/\/brnojedna.cz\/bydleni\/?p=2463"},"modified":"2026-04-20T09:08:30","modified_gmt":"2026-04-20T07:08:30","slug":"brno-jedna-vstupuje-do-dalsi-faze-zaciname-rust-ze-zeme","status":"publish","type":"post","link":"https:\/\/brnojedna.cz\/bydleni\/brno-jedna-vstupuje-do-dalsi-faze-zaciname-rust-ze-zeme\/","title":{"rendered":"Brno Jedna vstupuje do dal\u0161\u00ed f\u00e1ze: za\u010d\u00edn\u00e1me r\u016fst ze zem\u011b"},"content":{"rendered":"<p><span data-teams=\"true\"><b>Neon a Xenon, prvn\u00ed domy nov\u00e9 \u010dtvrti Brno Jedna, se posouvaj\u00ed z p\u0159\u00edpravn\u00e9 etapy do viditeln\u00e9 f\u00e1ze realizace. Po dokon\u010den\u00ed zaji\u0161t\u011bn\u00ed stavebn\u00ed j\u00e1my za\u010d\u00ednaj\u00ed vznikat konkr\u00e9tn\u00ed obrysy, kter\u00e9 postupn\u011b definuj\u00ed budouc\u00ed podobu cel\u00e9 z\u00e1stavby.<\/b><\/span><\/p>\n<p><span data-teams=\"true\">M\u00e1me \u00fasp\u011b\u0161n\u011b dokon\u010deno zaji\u0161t\u011bn\u00ed stavebn\u00ed j\u00e1my a projekt se tak posouv\u00e1 d\u00e1l. Po n\u00e1ro\u010dn\u00e9 etap\u011b p\u0159\u00edpravn\u00fdch a zemn\u00edch prac\u00ed navazuje realizace nadzemn\u00edch konstrukc\u00ed \u2013 stavba tak za\u010d\u00edn\u00e1 r\u016fst ze zem\u011b. Tento miln\u00edk p\u0159edstavuje d\u016fle\u017eit\u00fd krok sm\u011brem k fin\u00e1ln\u00ed podob\u011b dom\u016f a postupn\u011b se za\u010d\u00edn\u00e1 prom\u00edtat i do jejich usazen\u00ed p\u0159\u00edmo v prostoru.<\/span><\/p>\n","protected":false},"excerpt":{"rendered":"<p>Neon a Xenon, prvn\u00ed domy nov\u00e9 \u010dtvrti Brno Jedna, se posouvaj\u00ed z p\u0159\u00edpravn\u00e9 etapy do viditeln\u00e9 f\u00e1ze realizace. Po dokon\u010den\u00ed zaji\u0161t\u011bn\u00ed stavebn\u00ed j\u00e1my za\u010d\u00ednaj\u00ed vznikat konkr\u00e9tn\u00ed obrysy, kter\u00e9 postupn\u011b definuj\u00ed budouc\u00ed podobu cel\u00e9 z\u00e1stavby. M\u00e1me \u00fasp\u011b\u0161n\u011b dokon\u010deno zaji\u0161t\u011bn\u00ed stavebn\u00ed j\u00e1my a projekt se tak posouv\u00e1 d\u00e1l. Po n\u00e1ro\u010dn\u00e9 etap\u011b p\u0159\u00edpravn\u00fdch a zemn\u00edch prac\u00ed navazuje realizace [&hellip;]<\/p>\n","protected":false},"author":2,"featured_media":0,"comment_status":"open","ping_status":"open","sticky":false,"template":"","format":"standard","meta":{"_acf_changed":false,"footnotes":""},"categories":[1],"tags":[],"class_list":["post-2463","post","type-post","status-publish","format-standard","hentry","category-nezarazene"],"acf":[],"_links":{"self":[{"href":"https:\/\/brnojedna.cz\/bydleni\/wp-json\/wp\/v2\/posts\/2463","targetHints":{"allow":["GET"]}}],"collection":[{"href":"https:\/\/brnojedna.cz\/bydleni\/wp-json\/wp\/v2\/posts"}],"about":[{"href":"https:\/\/brnojedna.cz\/bydleni\/wp-json\/wp\/v2\/types\/post"}],"author":[{"embeddable":true,"href":"https:\/\/brnojedna.cz\/bydleni\/wp-json\/wp\/v2\/users\/2"}],"replies":[{"embeddable":true,"href":"https:\/\/brnojedna.cz\/bydleni\/wp-json\/wp\/v2\/comments?post=2463"}],"version-history":[{"count":4,"href":"https:\/\/brnojedna.cz\/bydleni\/wp-json\/wp\/v2\/posts\/2463\/revisions"}],"predecessor-version":[{"id":2468,"href":"https:\/\/brnojedna.cz\/bydleni\/wp-json\/wp\/v2\/posts\/2463\/revisions\/2468"}],"wp:attachment":[{"href":"https:\/\/brnojedna.cz\/bydleni\/wp-json\/wp\/v2\/media?parent=2463"}],"wp:term":[{"taxonomy":"category","embeddable":true,"href":"https:\/\/brnojedna.cz\/bydleni\/wp-json\/wp\/v2\/categories?post=2463"},{"taxonomy":"post_tag","embeddable":true,"href":"https:\/\/brnojedna.cz\/bydleni\/wp-json\/wp\/v2\/tags?post=2463"}],"curies":[{"name":"wp","href":"https:\/\/api.w.org\/{rel}","templated":true}]}}