{"id":2343,"date":"2026-01-23T14:04:32","date_gmt":"2026-01-23T13:04:32","guid":{"rendered":"https:\/\/brnojedna.cz\/bydleni\/?p=2343"},"modified":"2026-01-23T14:04:32","modified_gmt":"2026-01-23T13:04:32","slug":"projekt-brno-jedna-ziskal-oceneni-v-soutezi-realitni-projekt-roku","status":"publish","type":"post","link":"https:\/\/brnojedna.cz\/bydleni\/projekt-brno-jedna-ziskal-oceneni-v-soutezi-realitni-projekt-roku\/","title":{"rendered":"Projekt Brno Jedna z\u00edskal ocen\u011bn\u00ed v sout\u011b\u017ei Realitn\u00ed projekt roku"},"content":{"rendered":"<p><b><span data-contrast=\"none\">Polyfunk\u010dn\u00ed objekt Brno Jedna byl ocen\u011bn v celost\u00e1tn\u00ed sout\u011b\u017ei Realitn\u00ed projekt roku, kter\u00e1 ka\u017edoro\u010dn\u011b p\u0159edstavuje nejv\u00fdrazn\u011bj\u0161\u00ed reziden\u010dn\u00ed projekty v \u010cesk\u00e9 republice. Nov\u011b vznikaj\u00edc\u00ed \u010dtvr\u0165 z\u00edskala Cenu ve\u0159ejnosti Jihomoravsk\u00e9ho kraje<\/span><\/b><b><span data-contrast=\"none\">.<\/span><\/b><span data-ccp-props=\"{&quot;134233117&quot;:true,&quot;134233118&quot;:true,&quot;201341983&quot;:0,&quot;335559740&quot;:276}\">\u00a0<\/span><\/p>\n<p><span data-contrast=\"none\">Ocen\u011bn\u00ed vn\u00edm\u00e1me jako d\u016fle\u017eit\u00e9 potvrzen\u00ed koncepce, se kterou Brno Jedna vznik\u00e1 \u2013 prom\u011bny rozs\u00e1hl\u00e9ho brownfieldu v plnohodnotnou m\u011bstskou \u010dtvr\u0165, kter\u00e1 p\u0159irozen\u011b navazuje na strukturu m\u011bsta a nab\u00edz\u00ed kvalitn\u00ed prost\u0159ed\u00ed pro bydlen\u00ed i ka\u017edodenn\u00ed \u017eivot.<\/span><span data-ccp-props=\"{&quot;134233117&quot;:true,&quot;134233118&quot;:true,&quot;201341983&quot;:0,&quot;335559740&quot;:276}\">\u00a0<\/span><\/p>\n<p><span data-contrast=\"none\">Sout\u011b\u017e Realitn\u00ed projekt roku dlouhodob\u011b pat\u0159\u00ed mezi respektovan\u00e9 platformy v oboru a hodnot\u00ed projekty z pohledu architektury, urbanismu i p\u0159\u00ednosu pro danou lokalitu. Pr\u00e1v\u011b proto si tohoto ocen\u011bn\u00ed velmi v\u00e1\u017e\u00edme.<\/span><span data-ccp-props=\"{&quot;134233117&quot;:true,&quot;134233118&quot;:true,&quot;201341983&quot;:0,&quot;335559740&quot;:276}\">\u00a0<\/span><\/p>\n<p><span data-contrast=\"none\">D\u011bkujeme v\u0161em partner\u016fm, architekt\u016fm a odborn\u00edk\u016fm, kte\u0159\u00ed se na projektu pod\u00edlej\u00ed, i t\u011bm, kte\u0159\u00ed Brno Jedna dlouhodob\u011b sleduj\u00ed.<\/span><span data-ccp-props=\"{&quot;134233117&quot;:true,&quot;134233118&quot;:true,&quot;201341983&quot;:0,&quot;335559740&quot;:276}\">\u00a0<\/span><\/p>\n","protected":false},"excerpt":{"rendered":"<p>Polyfunk\u010dn\u00ed objekt Brno Jedna byl ocen\u011bn v celost\u00e1tn\u00ed sout\u011b\u017ei Realitn\u00ed projekt roku, kter\u00e1 ka\u017edoro\u010dn\u011b p\u0159edstavuje nejv\u00fdrazn\u011bj\u0161\u00ed reziden\u010dn\u00ed projekty v \u010cesk\u00e9 republice. Nov\u011b vznikaj\u00edc\u00ed \u010dtvr\u0165 z\u00edskala Cenu ve\u0159ejnosti Jihomoravsk\u00e9ho kraje.\u00a0 Ocen\u011bn\u00ed vn\u00edm\u00e1me jako d\u016fle\u017eit\u00e9 potvrzen\u00ed koncepce, se kterou Brno Jedna vznik\u00e1 \u2013 prom\u011bny rozs\u00e1hl\u00e9ho brownfieldu v plnohodnotnou m\u011bstskou \u010dtvr\u0165, kter\u00e1 p\u0159irozen\u011b navazuje na strukturu m\u011bsta a [&hellip;]<\/p>\n","protected":false},"author":2,"featured_media":0,"comment_status":"open","ping_status":"open","sticky":false,"template":"","format":"standard","meta":{"_acf_changed":false,"footnotes":""},"categories":[1],"tags":[],"class_list":["post-2343","post","type-post","status-publish","format-standard","hentry","category-nezarazene"],"acf":[],"_links":{"self":[{"href":"https:\/\/brnojedna.cz\/bydleni\/wp-json\/wp\/v2\/posts\/2343","targetHints":{"allow":["GET"]}}],"collection":[{"href":"https:\/\/brnojedna.cz\/bydleni\/wp-json\/wp\/v2\/posts"}],"about":[{"href":"https:\/\/brnojedna.cz\/bydleni\/wp-json\/wp\/v2\/types\/post"}],"author":[{"embeddable":true,"href":"https:\/\/brnojedna.cz\/bydleni\/wp-json\/wp\/v2\/users\/2"}],"replies":[{"embeddable":true,"href":"https:\/\/brnojedna.cz\/bydleni\/wp-json\/wp\/v2\/comments?post=2343"}],"version-history":[{"count":4,"href":"https:\/\/brnojedna.cz\/bydleni\/wp-json\/wp\/v2\/posts\/2343\/revisions"}],"predecessor-version":[{"id":2348,"href":"https:\/\/brnojedna.cz\/bydleni\/wp-json\/wp\/v2\/posts\/2343\/revisions\/2348"}],"wp:attachment":[{"href":"https:\/\/brnojedna.cz\/bydleni\/wp-json\/wp\/v2\/media?parent=2343"}],"wp:term":[{"taxonomy":"category","embeddable":true,"href":"https:\/\/brnojedna.cz\/bydleni\/wp-json\/wp\/v2\/categories?post=2343"},{"taxonomy":"post_tag","embeddable":true,"href":"https:\/\/brnojedna.cz\/bydleni\/wp-json\/wp\/v2\/tags?post=2343"}],"curies":[{"name":"wp","href":"https:\/\/api.w.org\/{rel}","templated":true}]}}