{"id":2323,"date":"2025-10-20T10:30:32","date_gmt":"2025-10-20T08:30:32","guid":{"rendered":"https:\/\/brnojedna.cz\/bydleni\/?p=2323"},"modified":"2025-10-15T12:26:19","modified_gmt":"2025-10-15T10:26:19","slug":"brno-jedna-co-se-deje-pod-zemi","status":"publish","type":"post","link":"https:\/\/brnojedna.cz\/bydleni\/brno-jedna-co-se-deje-pod-zemi\/","title":{"rendered":"Brno Jedna: Co se d\u011bje pod zem\u00ed"},"content":{"rendered":"<p>Na stavb\u011b projektu Brno Jedna\u00a0pr\u00e1v\u011b prob\u00edhaj\u00ed pr\u00e1ce na zaji\u0161t\u011bn\u00ed stavebn\u00ed j\u00e1my\u00a0pomoc\u00ed kotven\u00e9 p\u0159edvrt\u00e1van\u00e9 pilotov\u00e9 st\u011bny\u00a0a tak\u00e9 v\u00fdkop j\u00e1my o objemu 15 000 m\u00b3, kter\u00e1 p\u0159iprav\u00ed prostor pro dv\u011b podzemn\u00ed podla\u017e\u00ed dom\u016f XENON\u00a0a NEON. To je p\u0159ibli\u017en\u011b tolik zeminy, kolik by sta\u010dilo na zasyp\u00e1n\u00ed n\u00e1m\u011bst\u00ed Svobody po st\u0159echy tramvaj\u00ed, nebo na napln\u011bn\u00ed \u0161esti olympijsk\u00fdch baz\u00e9n\u016f.<\/p>\n<p>Ne\u017e se mohlo za\u010d\u00edt, bylo nutn\u00e9 prov\u00e9st p\u0159elo\u017eky s\u00edt\u00ed, demolici p\u016fvodn\u00edho objektu i vybudov\u00e1n\u00ed staveni\u0161t\u011b. Te\u010f u\u017e se ale stavba naplno zakusuje do zem\u011b\u00a0a vznikaj\u00ed prvn\u00ed z\u00e1klady nov\u00e9 polyfunk\u010dn\u00ed \u010dtvrti.<\/p>\n","protected":false},"excerpt":{"rendered":"<p>Na stavb\u011b projektu Brno Jedna\u00a0pr\u00e1v\u011b prob\u00edhaj\u00ed pr\u00e1ce na zaji\u0161t\u011bn\u00ed stavebn\u00ed j\u00e1my\u00a0pomoc\u00ed kotven\u00e9 p\u0159edvrt\u00e1van\u00e9 pilotov\u00e9 st\u011bny\u00a0a tak\u00e9 v\u00fdkop j\u00e1my o objemu 15 000 m\u00b3, kter\u00e1 p\u0159iprav\u00ed prostor pro dv\u011b podzemn\u00ed podla\u017e\u00ed dom\u016f XENON\u00a0a NEON. To je p\u0159ibli\u017en\u011b tolik zeminy, kolik by sta\u010dilo na zasyp\u00e1n\u00ed n\u00e1m\u011bst\u00ed Svobody po st\u0159echy tramvaj\u00ed, nebo na napln\u011bn\u00ed \u0161esti olympijsk\u00fdch baz\u00e9n\u016f. Ne\u017e [&hellip;]<\/p>\n","protected":false},"author":2,"featured_media":0,"comment_status":"open","ping_status":"open","sticky":false,"template":"","format":"standard","meta":{"_acf_changed":false,"footnotes":""},"categories":[1],"tags":[],"class_list":["post-2323","post","type-post","status-publish","format-standard","hentry","category-nezarazene"],"acf":[],"_links":{"self":[{"href":"https:\/\/brnojedna.cz\/bydleni\/wp-json\/wp\/v2\/posts\/2323","targetHints":{"allow":["GET"]}}],"collection":[{"href":"https:\/\/brnojedna.cz\/bydleni\/wp-json\/wp\/v2\/posts"}],"about":[{"href":"https:\/\/brnojedna.cz\/bydleni\/wp-json\/wp\/v2\/types\/post"}],"author":[{"embeddable":true,"href":"https:\/\/brnojedna.cz\/bydleni\/wp-json\/wp\/v2\/users\/2"}],"replies":[{"embeddable":true,"href":"https:\/\/brnojedna.cz\/bydleni\/wp-json\/wp\/v2\/comments?post=2323"}],"version-history":[{"count":2,"href":"https:\/\/brnojedna.cz\/bydleni\/wp-json\/wp\/v2\/posts\/2323\/revisions"}],"predecessor-version":[{"id":2326,"href":"https:\/\/brnojedna.cz\/bydleni\/wp-json\/wp\/v2\/posts\/2323\/revisions\/2326"}],"wp:attachment":[{"href":"https:\/\/brnojedna.cz\/bydleni\/wp-json\/wp\/v2\/media?parent=2323"}],"wp:term":[{"taxonomy":"category","embeddable":true,"href":"https:\/\/brnojedna.cz\/bydleni\/wp-json\/wp\/v2\/categories?post=2323"},{"taxonomy":"post_tag","embeddable":true,"href":"https:\/\/brnojedna.cz\/bydleni\/wp-json\/wp\/v2\/tags?post=2323"}],"curies":[{"name":"wp","href":"https:\/\/api.w.org\/{rel}","templated":true}]}}