{"id":2509,"date":"2026-08-28T14:37:28","date_gmt":"2026-08-28T12:37:28","guid":{"rendered":"https:\/\/brnojedna.cz\/bydleni\/?p=2509"},"modified":"2026-08-28T14:47:06","modified_gmt":"2026-08-28T12:47:06","slug":"brno-jedna-se-meni-a-spolu-s-ni-i-energie-celeho-mista","status":"publish","type":"post","link":"https:\/\/brnojedna.cz\/bydleni\/en\/brno-jedna-se-meni-a-spolu-s-ni-i-energie-celeho-mista\/","title":{"rendered":"Brno Jedna se m\u011bn\u00ed. A spolu s n\u00ed i energie cel\u00e9ho m\u00edsta."},"content":{"rendered":"<div class=\"ql-block\" data-block-id=\"block-TfVFg5jeSD\">\n<div class=\"ql-block\" data-block-id=\"block-TfVFg5jeSD\"><strong>Brno Jedna proch\u00e1z\u00ed v\u00fdraznou prom\u011bnou. Z p\u016fvodn\u00edho industri\u00e1ln\u00edho are\u00e1lu na Plyn\u00e1rensk\u00e9 postupn\u011b vznik\u00e1 nov\u00e1 m\u011bstsk\u00e1 \u010dtvr\u0165. A spolu s novou architekturou, bydlen\u00edm a ve\u0159ejn\u00fdm prostorem do n\u00ed vstupuje tak\u00e9 um\u011bn\u00ed.<\/strong><\/div>\n<p>&nbsp;<\/p>\n<div class=\"ql-block\" data-block-id=\"block-jzgJpVhBsg\">Jedn\u00edm z d\u011bl, kter\u00e1 dnes m\u016f\u017eete v are\u00e1lu potkat, je RIOT od Pasty Onera, jednoho z nejv\u00fdrazn\u011bj\u0161\u00edch p\u0159edstavitel\u016f \u010desk\u00e9 sou\u010dasn\u00e9 v\u00fdtvarn\u00e9 sc\u00e9ny. U\u017e samotn\u00fd n\u00e1zev v sob\u011b nese vzpouru, neklid a energii. A pr\u00e1v\u011b to k Brno Jedna sed\u00ed. Star\u00e9 se tu potk\u00e1v\u00e1 s nov\u00fdm, industri\u00e1ln\u00ed minulost se sou\u010dasnou architekturou a historie s novou budoucnost\u00ed cel\u00e9ho m\u00edsta.<\/div>\n<div class=\"ql-block\" data-block-id=\"block-wAxTUZHvNH\">RIOT tak do prom\u011bny Brno Jedna p\u0159in\u00e1\u0161\u00ed p\u0159esn\u011b tu spr\u00e1vnou d\u00e1vku vzpoury.<\/div>\n<\/div>","protected":false},"excerpt":{"rendered":"<p>Brno Jedna proch\u00e1z\u00ed v\u00fdraznou prom\u011bnou. Z p\u016fvodn\u00edho industri\u00e1ln\u00edho are\u00e1lu na Plyn\u00e1rensk\u00e9 postupn\u011b vznik\u00e1 nov\u00e1 m\u011bstsk\u00e1 \u010dtvr\u0165. A spolu s novou architekturou, bydlen\u00edm a ve\u0159ejn\u00fdm prostorem do n\u00ed vstupuje tak\u00e9 um\u011bn\u00ed. &nbsp; Jedn\u00edm z d\u011bl, kter\u00e1 dnes m\u016f\u017eete v are\u00e1lu potkat, je RIOT od Pasty Onera, jednoho z nejv\u00fdrazn\u011bj\u0161\u00edch p\u0159edstavitel\u016f \u010desk\u00e9 sou\u010dasn\u00e9 v\u00fdtvarn\u00e9 sc\u00e9ny. U\u017e samotn\u00fd [&hellip;]<\/p>","protected":false},"author":3,"featured_media":0,"comment_status":"open","ping_status":"open","sticky":false,"template":"","format":"standard","meta":{"_acf_changed":false,"footnotes":""},"categories":[1],"tags":[],"class_list":["post-2509","post","type-post","status-publish","format-standard","hentry","category-nezarazene"],"acf":[],"_links":{"self":[{"href":"https:\/\/brnojedna.cz\/bydleni\/en\/wp-json\/wp\/v2\/posts\/2509","targetHints":{"allow":["GET"]}}],"collection":[{"href":"https:\/\/brnojedna.cz\/bydleni\/en\/wp-json\/wp\/v2\/posts"}],"about":[{"href":"https:\/\/brnojedna.cz\/bydleni\/en\/wp-json\/wp\/v2\/types\/post"}],"author":[{"embeddable":true,"href":"https:\/\/brnojedna.cz\/bydleni\/en\/wp-json\/wp\/v2\/users\/3"}],"replies":[{"embeddable":true,"href":"https:\/\/brnojedna.cz\/bydleni\/en\/wp-json\/wp\/v2\/comments?post=2509"}],"version-history":[{"count":6,"href":"https:\/\/brnojedna.cz\/bydleni\/en\/wp-json\/wp\/v2\/posts\/2509\/revisions"}],"predecessor-version":[{"id":2517,"href":"https:\/\/brnojedna.cz\/bydleni\/en\/wp-json\/wp\/v2\/posts\/2509\/revisions\/2517"}],"wp:attachment":[{"href":"https:\/\/brnojedna.cz\/bydleni\/en\/wp-json\/wp\/v2\/media?parent=2509"}],"wp:term":[{"taxonomy":"category","embeddable":true,"href":"https:\/\/brnojedna.cz\/bydleni\/en\/wp-json\/wp\/v2\/categories?post=2509"},{"taxonomy":"post_tag","embeddable":true,"href":"https:\/\/brnojedna.cz\/bydleni\/en\/wp-json\/wp\/v2\/tags?post=2509"}],"curies":[{"name":"wp","href":"https:\/\/api.w.org\/{rel}","templated":true}]}}