{"id":2337,"date":"2026-01-19T13:55:31","date_gmt":"2026-01-19T12:55:31","guid":{"rendered":"https:\/\/brnojedna.cz\/bydleni\/?p=2337"},"modified":"2026-01-19T13:59:31","modified_gmt":"2026-01-19T12:59:31","slug":"brno-jedna-jede-na-plny-plyn-prodana-polovina-bytu","status":"publish","type":"post","link":"https:\/\/brnojedna.cz\/bydleni\/en\/brno-jedna-jede-na-plny-plyn-prodana-polovina-bytu\/","title":{"rendered":"Brno Jedna is going full throttle: half of the apartments sold!"},"content":{"rendered":"<p><b><span data-contrast=\"none\">Interest in Brno Jedna is gaining momentum \u2013 we\u2019ve already sold half of the apartments. This mixed-use development has appealed both to people looking for a new home and to those seeking a secure investment just minutes from Brno\u2019s city centre.\u00a0<\/span><\/b><span data-ccp-props=\"{&quot;134233117&quot;:true,&quot;134233118&quot;:true,&quot;201341983&quot;:0,&quot;335551550&quot;:6,&quot;335551620&quot;:6,&quot;335559740&quot;:240}\">\u00a0<\/span><\/p>\n<p><span data-contrast=\"none\">Sales at Brno Jedna continue at a rapid pace \u2013\u202f<\/span><span data-contrast=\"none\">half of the apartments in the Neon &amp; Xenon residences are now sold.<\/span><span data-contrast=\"none\">The project offers the compact, highly functional layouts that are most in demand today, complemented by generous larger homes on the upper floors. Most units feature a balcony or a private garden terrace.<\/span><span data-ccp-props=\"{&quot;134233117&quot;:true,&quot;134233118&quot;:true,&quot;201341983&quot;:0,&quot;335551550&quot;:6,&quot;335551620&quot;:6,&quot;335559740&quot;:240}\">\u00a0<\/span><\/p>\n<p><span data-contrast=\"none\">Brno Jedna is taking shape in a dynamically developing area east of the centre, with excellent transport links and the ambition to transform the surroundings of Plyn\u00e1rensk\u00e1 Street into a new urban district. Another advantage is the on-site amenities that elevate everyday comfort \u2013 from a laundry room and bike storage to a caf\u00e9, as well as a rooftop terrace with a grill and a fitness area.<\/span><span data-ccp-props=\"{&quot;134233117&quot;:true,&quot;134233118&quot;:true,&quot;201341983&quot;:0,&quot;335551550&quot;:6,&quot;335551620&quot;:6,&quot;335559740&quot;:240}\">\u00a0<\/span><\/p>\n<p><span data-contrast=\"none\">If you\u2019d like to be part of it, you can find the remaining\u00a0<\/span><span data-contrast=\"none\">available units<\/span><span data-contrast=\"none\">\u00a0in the\u00a0<\/span><span data-contrast=\"none\"><a href=\"https:\/\/brnojedna.cz\/bydleni\/en\/pricelist\/\">price list<\/a>.<\/span><span data-ccp-props=\"{&quot;134233117&quot;:true,&quot;134233118&quot;:true,&quot;201341983&quot;:0,&quot;335551550&quot;:6,&quot;335551620&quot;:6,&quot;335559740&quot;:240}\">\u00a0<\/span><\/p>","protected":false},"excerpt":{"rendered":"<p>Z\u00e1jem o projekt\u00a0Brno Jedna jede na pln\u00fd plyn \u2013 m\u00e1me prodanou polovinu byt\u016f. Polyfunk\u010dn\u00ed\u00a0objekt\u00a0oslovil\u00a0ty, kte\u0159\u00ed vyb\u00edraj\u00ed vlastn\u00ed bydlen\u00ed i bezpe\u010dnou investici kousek od centra Brna.\u00a0\u00a0 Prodej v projektu Brno Jedna pokra\u010duje rychl\u00fdm tempem \u2013\u202fprod\u00e1na je u\u017e polovina byt\u016f\u202fv rezidenc\u00edch Neon\u00a0&amp;\u00a0Xenon. Kompaktn\u00ed a funk\u010dn\u00ed dispozice, kter\u00e9 jsou dnes nej\u017e\u00e1dan\u011bj\u0161\u00ed, dopl\u0148uj\u00ed\u00a0velkorys\u00e9\u00a0byty\u00a0ve vy\u0161\u0161\u00edch patrech. V\u011bt\u0161ina jednotek m\u00e1 balkon [&hellip;]<\/p>","protected":false},"author":2,"featured_media":0,"comment_status":"open","ping_status":"open","sticky":false,"template":"","format":"standard","meta":{"_acf_changed":false,"footnotes":""},"categories":[1],"tags":[],"class_list":["post-2337","post","type-post","status-publish","format-standard","hentry","category-nezarazene"],"acf":[],"_links":{"self":[{"href":"https:\/\/brnojedna.cz\/bydleni\/en\/wp-json\/wp\/v2\/posts\/2337","targetHints":{"allow":["GET"]}}],"collection":[{"href":"https:\/\/brnojedna.cz\/bydleni\/en\/wp-json\/wp\/v2\/posts"}],"about":[{"href":"https:\/\/brnojedna.cz\/bydleni\/en\/wp-json\/wp\/v2\/types\/post"}],"author":[{"embeddable":true,"href":"https:\/\/brnojedna.cz\/bydleni\/en\/wp-json\/wp\/v2\/users\/2"}],"replies":[{"embeddable":true,"href":"https:\/\/brnojedna.cz\/bydleni\/en\/wp-json\/wp\/v2\/comments?post=2337"}],"version-history":[{"count":5,"href":"https:\/\/brnojedna.cz\/bydleni\/en\/wp-json\/wp\/v2\/posts\/2337\/revisions"}],"predecessor-version":[{"id":2342,"href":"https:\/\/brnojedna.cz\/bydleni\/en\/wp-json\/wp\/v2\/posts\/2337\/revisions\/2342"}],"wp:attachment":[{"href":"https:\/\/brnojedna.cz\/bydleni\/en\/wp-json\/wp\/v2\/media?parent=2337"}],"wp:term":[{"taxonomy":"category","embeddable":true,"href":"https:\/\/brnojedna.cz\/bydleni\/en\/wp-json\/wp\/v2\/categories?post=2337"},{"taxonomy":"post_tag","embeddable":true,"href":"https:\/\/brnojedna.cz\/bydleni\/en\/wp-json\/wp\/v2\/tags?post=2337"}],"curies":[{"name":"wp","href":"https:\/\/api.w.org\/{rel}","templated":true}]}}